{"id":4397,"date":"2026-08-31T14:56:15","date_gmt":"2026-08-31T14:56:15","guid":{"rendered":"https:\/\/www.echurch-mmberg.de\/?p=4397"},"modified":"2026-08-31T14:58:42","modified_gmt":"2026-08-31T14:58:42","slug":"pfarramt-vertretung","status":"publish","type":"post","link":"https:\/\/www.echurch-mmberg.de\/?p=4397","title":{"rendered":"Pfarramt Vertretung"},"content":{"rendered":"<p>Bis zum 20.9.2026 ist unser Pfarrb\u00fcro im Kircheng\u00e4\u00dfchen 1 in Memmingerberg geschlossen.<br \/>\nAb 23.9. ist Pfarramtssekret\u00e4rin Conny Link wieder mittwochs und donnerstags am Vormittag f\u00fcr Sie da.<br \/>\nPfr. Wolfgang Ludwig wird vertreten:<br \/>\n1.-13.9. durch Pfarramt Frickenhausen 08336 672 \/&nbsp;<br \/>\n14.-20.9. durch Pfarramt Krumbach 08282 89830 \/&nbsp;<br \/>\n21.-26.9. durch Pfarramt Lauben 08336 534 \/<\/p>\n","protected":false},"excerpt":{"rendered":"<p>Bis zum 20.9.2026 ist unser Pfarrb\u00fcro im Kircheng\u00e4\u00dfchen 1 in Memmingerberg geschlossen. Ab 23.9. ist Pfarramtssekret\u00e4rin Conny Link wieder mittwochs und donnerstags am Vormittag f\u00fcr Sie da. Pfr. Wolfgang Ludwig wird vertreten: 1.-13.9. durch Pfarramt Frickenhausen 08336 672 \/&nbsp; 14.-20.9. durch Pfarramt Krumbach 08282 89830 \/&nbsp; 21.-26.9. durch Pfarramt Lauben &#8230;<\/p>\n","protected":false},"author":7,"featured_media":0,"comment_status":"closed","ping_status":"closed","sticky":true,"template":"","format":"aside","meta":{"ngg_post_thumbnail":0,"footnotes":""},"categories":[1],"tags":[],"class_list":["post-4397","post","type-post","status-publish","format-aside","hentry","category-allgemein","post_format-post-format-aside"],"_links":{"self":[{"href":"https:\/\/www.echurch-mmberg.de\/index.php?rest_route=\/wp\/v2\/posts\/4397","targetHints":{"allow":["GET"]}}],"collection":[{"href":"https:\/\/www.echurch-mmberg.de\/index.php?rest_route=\/wp\/v2\/posts"}],"about":[{"href":"https:\/\/www.echurch-mmberg.de\/index.php?rest_route=\/wp\/v2\/types\/post"}],"author":[{"embeddable":true,"href":"https:\/\/www.echurch-mmberg.de\/index.php?rest_route=\/wp\/v2\/users\/7"}],"replies":[{"embeddable":true,"href":"https:\/\/www.echurch-mmberg.de\/index.php?rest_route=%2Fwp%2Fv2%2Fcomments&post=4397"}],"version-history":[{"count":5,"href":"https:\/\/www.echurch-mmberg.de\/index.php?rest_route=\/wp\/v2\/posts\/4397\/revisions"}],"predecessor-version":[{"id":4402,"href":"https:\/\/www.echurch-mmberg.de\/index.php?rest_route=\/wp\/v2\/posts\/4397\/revisions\/4402"}],"wp:attachment":[{"href":"https:\/\/www.echurch-mmberg.de\/index.php?rest_route=%2Fwp%2Fv2%2Fmedia&parent=4397"}],"wp:term":[{"taxonomy":"category","embeddable":true,"href":"https:\/\/www.echurch-mmberg.de\/index.php?rest_route=%2Fwp%2Fv2%2Fcategories&post=4397"},{"taxonomy":"post_tag","embeddable":true,"href":"https:\/\/www.echurch-mmberg.de\/index.php?rest_route=%2Fwp%2Fv2%2Ftags&post=4397"}],"curies":[{"name":"wp","href":"https:\/\/api.w.org\/{rel}","templated":true}]}}